{"id":63,"count":1,"description":"","link":"https:\/\/etako.sk\/eshop\/kategoria-produktu\/pre-deti\/chlapci-velkost-od-0-10-rokov-50-140-cm\/oblecenie-122-6-7-rokov-oblecenie-v-116-5-6-rokov\/","name":"Ko\u0161ie\u013eky, Kab\u00e1tiky, Vesty","slug":"oblecenie-122-6-7-rokov-oblecenie-v-116-5-6-rokov","taxonomy":"product_cat","parent":146,"meta":[],"yoast_head":"<!-- This site is optimized with the Yoast SEO plugin v25.6 - https:\/\/yoast.com\/wordpress\/plugins\/seo\/ -->\n<title>Arch\u00edvy Ko\u0161ie\u013eky, Kab\u00e1tiky, Vesty - ETAKO e-shop<\/title>\n<meta name=\"robots\" content=\"index, follow, max-snippet:-1, max-image-preview:large, max-video-preview:-1\" \/>\n<link rel=\"canonical\" href=\"https:\/\/etako.sk\/eshop\/kategoria-produktu\/pre-deti\/chlapci-velkost-od-0-10-rokov-50-140-cm\/oblecenie-122-6-7-rokov-oblecenie-v-116-5-6-rokov\/\" \/>\n<meta name=\"twitter:card\" content=\"summary_large_image\" \/>\n<meta name=\"twitter:title\" content=\"Arch\u00edvy Ko\u0161ie\u013eky, Kab\u00e1tiky, Vesty - ETAKO e-shop\" \/>\n<script type=\"application\/ld+json\" class=\"yoast-schema-graph\">{\"@context\":\"https:\/\/schema.org\",\"@graph\":[{\"@type\":\"CollectionPage\",\"@id\":\"https:\/\/etako.sk\/eshop\/kategoria-produktu\/pre-deti\/chlapci-velkost-od-0-10-rokov-50-140-cm\/oblecenie-122-6-7-rokov-oblecenie-v-116-5-6-rokov\/\",\"url\":\"https:\/\/etako.sk\/eshop\/kategoria-produktu\/pre-deti\/chlapci-velkost-od-0-10-rokov-50-140-cm\/oblecenie-122-6-7-rokov-oblecenie-v-116-5-6-rokov\/\",\"name\":\"Arch\u00edvy Ko\u0161ie\u013eky, Kab\u00e1tiky, Vesty - ETAKO e-shop\",\"isPartOf\":{\"@id\":\"https:\/\/etako.sk\/eshop\/#website\"},\"breadcrumb\":{\"@id\":\"https:\/\/etako.sk\/eshop\/kategoria-produktu\/pre-deti\/chlapci-velkost-od-0-10-rokov-50-140-cm\/oblecenie-122-6-7-rokov-oblecenie-v-116-5-6-rokov\/#breadcrumb\"},\"inLanguage\":\"sk-SK\"},{\"@type\":\"BreadcrumbList\",\"@id\":\"https:\/\/etako.sk\/eshop\/kategoria-produktu\/pre-deti\/chlapci-velkost-od-0-10-rokov-50-140-cm\/oblecenie-122-6-7-rokov-oblecenie-v-116-5-6-rokov\/#breadcrumb\",\"itemListElement\":[{\"@type\":\"ListItem\",\"position\":1,\"name\":\"Domovsk\u00e1 str\u00e1nka\",\"item\":\"https:\/\/etako.sk\/eshop\/\"},{\"@type\":\"ListItem\",\"position\":2,\"name\":\"PRE DETI\",\"item\":\"https:\/\/etako.sk\/eshop\/kategoria-produktu\/pre-deti\/\"},{\"@type\":\"ListItem\",\"position\":3,\"name\":\"Oble\u010denie - Chlapci ve\u013ekos\u0165 od 0-10 rokov (50-140 cm)\",\"item\":\"https:\/\/etako.sk\/eshop\/kategoria-produktu\/pre-deti\/chlapci-velkost-od-0-10-rokov-50-140-cm\/\"},{\"@type\":\"ListItem\",\"position\":4,\"name\":\"Ko\u0161ie\u013eky, Kab\u00e1tiky, Vesty\"}]},{\"@type\":\"WebSite\",\"@id\":\"https:\/\/etako.sk\/eshop\/#website\",\"url\":\"https:\/\/etako.sk\/eshop\/\",\"name\":\"ETAKO e-shop\",\"description\":\"Etako\",\"potentialAction\":[{\"@type\":\"SearchAction\",\"target\":{\"@type\":\"EntryPoint\",\"urlTemplate\":\"https:\/\/etako.sk\/eshop\/?s={search_term_string}\"},\"query-input\":{\"@type\":\"PropertyValueSpecification\",\"valueRequired\":true,\"valueName\":\"search_term_string\"}}],\"inLanguage\":\"sk-SK\"}]}<\/script>\n<!-- \/ Yoast SEO plugin. -->","yoast_head_json":{"title":"Arch\u00edvy Ko\u0161ie\u013eky, Kab\u00e1tiky, Vesty - ETAKO e-shop","robots":{"index":"index","follow":"follow","max-snippet":"max-snippet:-1","max-image-preview":"max-image-preview:large","max-video-preview":"max-video-preview:-1"},"canonical":"https:\/\/etako.sk\/eshop\/kategoria-produktu\/pre-deti\/chlapci-velkost-od-0-10-rokov-50-140-cm\/oblecenie-122-6-7-rokov-oblecenie-v-116-5-6-rokov\/","twitter_card":"summary_large_image","twitter_title":"Arch\u00edvy Ko\u0161ie\u013eky, Kab\u00e1tiky, Vesty - ETAKO e-shop","schema":{"@context":"https:\/\/schema.org","@graph":[{"@type":"CollectionPage","@id":"https:\/\/etako.sk\/eshop\/kategoria-produktu\/pre-deti\/chlapci-velkost-od-0-10-rokov-50-140-cm\/oblecenie-122-6-7-rokov-oblecenie-v-116-5-6-rokov\/","url":"https:\/\/etako.sk\/eshop\/kategoria-produktu\/pre-deti\/chlapci-velkost-od-0-10-rokov-50-140-cm\/oblecenie-122-6-7-rokov-oblecenie-v-116-5-6-rokov\/","name":"Arch\u00edvy Ko\u0161ie\u013eky, Kab\u00e1tiky, Vesty - ETAKO e-shop","isPartOf":{"@id":"https:\/\/etako.sk\/eshop\/#website"},"breadcrumb":{"@id":"https:\/\/etako.sk\/eshop\/kategoria-produktu\/pre-deti\/chlapci-velkost-od-0-10-rokov-50-140-cm\/oblecenie-122-6-7-rokov-oblecenie-v-116-5-6-rokov\/#breadcrumb"},"inLanguage":"sk-SK"},{"@type":"BreadcrumbList","@id":"https:\/\/etako.sk\/eshop\/kategoria-produktu\/pre-deti\/chlapci-velkost-od-0-10-rokov-50-140-cm\/oblecenie-122-6-7-rokov-oblecenie-v-116-5-6-rokov\/#breadcrumb","itemListElement":[{"@type":"ListItem","position":1,"name":"Domovsk\u00e1 str\u00e1nka","item":"https:\/\/etako.sk\/eshop\/"},{"@type":"ListItem","position":2,"name":"PRE DETI","item":"https:\/\/etako.sk\/eshop\/kategoria-produktu\/pre-deti\/"},{"@type":"ListItem","position":3,"name":"Oble\u010denie - Chlapci ve\u013ekos\u0165 od 0-10 rokov (50-140 cm)","item":"https:\/\/etako.sk\/eshop\/kategoria-produktu\/pre-deti\/chlapci-velkost-od-0-10-rokov-50-140-cm\/"},{"@type":"ListItem","position":4,"name":"Ko\u0161ie\u013eky, Kab\u00e1tiky, Vesty"}]},{"@type":"WebSite","@id":"https:\/\/etako.sk\/eshop\/#website","url":"https:\/\/etako.sk\/eshop\/","name":"ETAKO e-shop","description":"Etako","potentialAction":[{"@type":"SearchAction","target":{"@type":"EntryPoint","urlTemplate":"https:\/\/etako.sk\/eshop\/?s={search_term_string}"},"query-input":{"@type":"PropertyValueSpecification","valueRequired":true,"valueName":"search_term_string"}}],"inLanguage":"sk-SK"}]}},"_links":{"self":[{"href":"https:\/\/etako.sk\/eshop\/wp-json\/wp\/v2\/product_cat\/63","targetHints":{"allow":["GET"]}}],"collection":[{"href":"https:\/\/etako.sk\/eshop\/wp-json\/wp\/v2\/product_cat"}],"about":[{"href":"https:\/\/etako.sk\/eshop\/wp-json\/wp\/v2\/taxonomies\/product_cat"}],"up":[{"embeddable":true,"href":"https:\/\/etako.sk\/eshop\/wp-json\/wp\/v2\/product_cat\/146"}],"wp:post_type":[{"href":"https:\/\/etako.sk\/eshop\/wp-json\/wp\/v2\/product?product_cat=63"}],"curies":[{"name":"wp","href":"https:\/\/api.w.org\/{rel}","templated":true}]}}